{"id":368,"date":"2010-10-14T15:31:00","date_gmt":"2010-10-14T14:31:00","guid":{"rendered":"http:\/\/www.deafvolleyessen.de\/?p=368"},"modified":"2010-10-14T15:31:00","modified_gmt":"2010-10-14T14:31:00","slug":"vorbericht-dm-pokal-in-berlin","status":"publish","type":"post","link":"http:\/\/deafvolleyessen.de\/?p=368","title":{"rendered":"Vorbericht: DM-Pokal in Berlin"},"content":{"rendered":"<p>Nachdem die Essener Mixed-Mannschaft (Doris, Inga, Svenja, Tobias, Philipp, Marko) Meister bei der Mixed-Volleyballmeisterschaft der Geh\u00f6rlosen am 4.Oktober 2010 in Herford wurde, steht nun <strong>die deutsche 29.Pokalmeisterschaft der Geh\u00f6rlosen<\/strong><strong>am 6.November<\/strong> in <strong>Berlin<\/strong> an.<\/p>\n<p>Unsere Herren-Volleyballabteilung belegte nur den 3.Platz hinter D\u00fcsseldorf und Zwickau in Paderborn im vergangenen Jahr. Diesmal wollen wir die Pokalmeisterschaft anpeilen und dabei einen Wander-Pokal nach 10 pokallosen Jahren holen.<\/p>\n<p>F\u00fcr alle GTSV-Mitglieder ist hier noch einmal die Pokalmeisterschaft-Statistik der letzten 10 Jahre:<\/p>\n<p>2009: 3.Platz in Paderborn (Sieger GSV Zwickau)<br \/>\n2008: 2.Platz in K\u00f6ln (Sieger GSV D\u00fcsseldorf)<br \/>\n2007: 3.Platz in Freiburg (Sieger GSV Zwickau)<br \/>\n2006: nicht ausgetragen<br \/>\n2005: 2.Platz in M\u00fcnchen (Sieger GSV Zwickau)<br \/>\n2004: 4.Platz in D\u00fcsseldorf (Sieger GSV Zwickau)<br \/>\n2003: 2.Platz in Stuttgart (Sieger GSV D\u00fcsseldorf)<br \/>\n2002: nicht ausgetragen<br \/>\n2001: nicht ausgetragen<br \/>\n2000: Pokalsieger in K\u00f6ln (auch: 1996, 1993, 1992, 1978)<\/p>\n","protected":false},"excerpt":{"rendered":"<p>Nachdem die Essener Mixed-Mannschaft (Doris, Inga, Svenja, Tobias, Philipp, Marko) Meister bei der Mixed-Volleyballmeisterschaft der Geh\u00f6rlosen am 4.Oktober 2010 in Herford wurde, steht nun die deutsche 29.Pokalmeisterschaft der Geh\u00f6rlosenam 6.November in Berlin an. Unsere Herren-Volleyballabteilung belegte nur den 3.Platz hinter D\u00fcsseldorf und Zwickau in Paderborn im vergangenen Jahr. Diesmal wollen wir die Pokalmeisterschaft anpeilen und [&hellip;]<\/p>\n","protected":false},"author":1,"featured_media":0,"comment_status":"open","ping_status":"open","sticky":false,"template":"","format":"standard","meta":{"footnotes":""},"categories":[5],"tags":[],"class_list":["post-368","post","type-post","status-publish","format-standard","hentry","category-meisterschaften"],"_links":{"self":[{"href":"http:\/\/deafvolleyessen.de\/index.php?rest_route=\/wp\/v2\/posts\/368","targetHints":{"allow":["GET"]}}],"collection":[{"href":"http:\/\/deafvolleyessen.de\/index.php?rest_route=\/wp\/v2\/posts"}],"about":[{"href":"http:\/\/deafvolleyessen.de\/index.php?rest_route=\/wp\/v2\/types\/post"}],"author":[{"embeddable":true,"href":"http:\/\/deafvolleyessen.de\/index.php?rest_route=\/wp\/v2\/users\/1"}],"replies":[{"embeddable":true,"href":"http:\/\/deafvolleyessen.de\/index.php?rest_route=%2Fwp%2Fv2%2Fcomments&post=368"}],"version-history":[{"count":0,"href":"http:\/\/deafvolleyessen.de\/index.php?rest_route=\/wp\/v2\/posts\/368\/revisions"}],"wp:attachment":[{"href":"http:\/\/deafvolleyessen.de\/index.php?rest_route=%2Fwp%2Fv2%2Fmedia&parent=368"}],"wp:term":[{"taxonomy":"category","embeddable":true,"href":"http:\/\/deafvolleyessen.de\/index.php?rest_route=%2Fwp%2Fv2%2Fcategories&post=368"},{"taxonomy":"post_tag","embeddable":true,"href":"http:\/\/deafvolleyessen.de\/index.php?rest_route=%2Fwp%2Fv2%2Ftags&post=368"}],"curies":[{"name":"wp","href":"https:\/\/api.w.org\/{rel}","templated":true}]}}