{"id":380,"date":"2010-08-30T16:09:30","date_gmt":"2010-08-30T15:09:30","guid":{"rendered":"http:\/\/www.deafvolleyessen.de\/?p=380"},"modified":"2010-08-30T16:09:30","modified_gmt":"2010-08-30T15:09:30","slug":"beachsaison-der-gehorlosen-ist-voruber","status":"publish","type":"post","link":"http:\/\/deafvolleyessen.de\/?p=380","title":{"rendered":"Erfolgreiche Beachsaison der Geh\u00f6rlosen ist vor\u00fcber"},"content":{"rendered":"<p>Kurze Ergebnisse, die f\u00fcr GTSV-Mitglieder gedacht sind, aus der GS-Beachsaison 2010:<\/p>\n<p>DM-Beach (Herren) in K\u00f6ln:<br \/>\n1.Platz Marko Sudy (GTSV Essen) mit Maik Fischer (Berliner GSV),<br \/>\n3.Platz David Bednarek und Martin Widmann (GTSV Essen)<\/p>\n<p>DM-Mixed-Beach in Essen:<br \/>\n1.Platz Marko Sudy (GTSV Essen) mit Bettina Steup-Bauer (K\u00f6lner GSV),<br \/>\n2.Platz Doris Bednarek (GTSV Essen) mit Andreas Lenzenw\u00f6ger (GSV Zwickau)<\/p>\n<p>Int.-Beachturnier in Essen:<br \/>\nHerren: 1.Platz Marko Sudy (GTSV Essen) mit Maik Fischer (Berliner GSV), 3.Platz Matthias Bork (GTSV Essen) mit Andreas Lenzenw\u00f6ger (GSV Zwickau)<br \/>\nDamen: 1.Platz Doris Bednarek (GTSV Essen) mit Nelly Steinbach (GSV Zwickau)<\/p>\n","protected":false},"excerpt":{"rendered":"<p>Kurze Ergebnisse, die f\u00fcr GTSV-Mitglieder gedacht sind, aus der GS-Beachsaison 2010: DM-Beach (Herren) in K\u00f6ln: 1.Platz Marko Sudy (GTSV Essen) mit Maik Fischer (Berliner GSV), 3.Platz David Bednarek und Martin Widmann (GTSV Essen) DM-Mixed-Beach in Essen: 1.Platz Marko Sudy (GTSV Essen) mit Bettina Steup-Bauer (K\u00f6lner GSV), 2.Platz Doris Bednarek (GTSV Essen) mit Andreas Lenzenw\u00f6ger (GSV [&hellip;]<\/p>\n","protected":false},"author":1,"featured_media":0,"comment_status":"open","ping_status":"open","sticky":false,"template":"","format":"standard","meta":{"footnotes":""},"categories":[3],"tags":[],"class_list":["post-380","post","type-post","status-publish","format-standard","hentry","category-beachmeisterschaften"],"_links":{"self":[{"href":"http:\/\/deafvolleyessen.de\/index.php?rest_route=\/wp\/v2\/posts\/380","targetHints":{"allow":["GET"]}}],"collection":[{"href":"http:\/\/deafvolleyessen.de\/index.php?rest_route=\/wp\/v2\/posts"}],"about":[{"href":"http:\/\/deafvolleyessen.de\/index.php?rest_route=\/wp\/v2\/types\/post"}],"author":[{"embeddable":true,"href":"http:\/\/deafvolleyessen.de\/index.php?rest_route=\/wp\/v2\/users\/1"}],"replies":[{"embeddable":true,"href":"http:\/\/deafvolleyessen.de\/index.php?rest_route=%2Fwp%2Fv2%2Fcomments&post=380"}],"version-history":[{"count":0,"href":"http:\/\/deafvolleyessen.de\/index.php?rest_route=\/wp\/v2\/posts\/380\/revisions"}],"wp:attachment":[{"href":"http:\/\/deafvolleyessen.de\/index.php?rest_route=%2Fwp%2Fv2%2Fmedia&parent=380"}],"wp:term":[{"taxonomy":"category","embeddable":true,"href":"http:\/\/deafvolleyessen.de\/index.php?rest_route=%2Fwp%2Fv2%2Fcategories&post=380"},{"taxonomy":"post_tag","embeddable":true,"href":"http:\/\/deafvolleyessen.de\/index.php?rest_route=%2Fwp%2Fv2%2Ftags&post=380"}],"curies":[{"name":"wp","href":"https:\/\/api.w.org\/{rel}","templated":true}]}}